{"id":30716,"date":"2026-08-30T08:00:10","date_gmt":"2026-08-30T08:00:10","guid":{"rendered":"https:\/\/asha-kiran.org\/where-are-they-from-i-dont-know-its-my-brother-my-sister\/"},"modified":"2026-08-30T18:28:50","modified_gmt":"2026-08-30T18:28:50","slug":"where-are-they-from-i-dont-know-its-my-brother-my-sister","status":"publish","type":"post","link":"https:\/\/asha-kiran.org\/en\/where-are-they-from-i-dont-know-its-my-brother-my-sister\/","title":{"rendered":"Where are they from? I don\u2019t know\u2014it&#8217;s my brother, my sister."},"content":{"rendered":"\n\n\t<h4>Veinte meses de <a href=\"https:\/\/asha-kiran.org\/en\/vinculos-project-malaga\/\">Proyecto V\u00ednculos<\/a>, vistos desde la mirada de Dayana, delegada de la Fundaci\u00f3n Asha-Kiran en M\u00e1laga.<\/h4>\n<p>Ha pasado un a\u00f1o y medio desde la creaci\u00f3n en M\u00e1laga del <strong>Proyecto V\u00ednculos<\/strong>.<\/p>\n<p>Cuando decidimos embarcarnos en esta aventura, y con un local cedido como primer paso hacia lo desconocido, no \u00e9ramos conscientes del impacto que iba a generar en la ciudad, en las personas usuarias, en las voluntarias y, de una manera m\u00e1s amplia, entre la ciudadan\u00eda.<\/p>\n<p>Tampoco era consciente del impacto que iba a tener en m\u00ed.<\/p>\n<p>Ten\u00edamos muy claro que el Proyecto iba a estar dirigido a las personas con menos apoyo y en situaciones especialmente desfavorables: personas migrantes en situaci\u00f3n de calle o de alta precariedad habitacional. Personas con largu\u00edsimos viajes migratorios a sus espaldas, con historias de p\u00e9rdida, guerra, esclavitud o explotaci\u00f3n. Solicitantes de asilo y personas refugiadas.<\/p>\n<p>A todas ellas nos propusimos ofrecerles un espacio de acogida al que acudir. Y quisimos movilizar para ello a la ciudadan\u00eda y al barrio, ofreciendo clases de castellano y alfabetizaci\u00f3n impartidas por personas voluntarias.<\/p>\n<h4>Y M\u00e1laga respondi\u00f3.<\/h4>\n<p>Desde el inicio contamos con suficientes personas para sostener cuatro turnos diarios de clases. Personas que se organizaron y comprometieron para mantener un espacio de bienvenida y calidez incondicional.<\/p>\n<p>En estos 20 meses han pasado por nuestra peque\u00f1a sede de 30 m\u00b2 <strong>m\u00e1s de 900 alumnas y alumnos<\/strong>.<\/p>\n<p>Hemos ense\u00f1ado espa\u00f1ol y escuchado relatos de largos tr\u00e1nsitos migratorios. Hemos acompa\u00f1ado individualmente, facilitado alojamiento, tramitado documentaci\u00f3n y sostenido emocionalmente. Hemos jugado y aprendido a comunicarnos con las manos, las miradas y el alma.<\/p>\n<p>Hemos ido a museos, a la Feria, participado en la marat\u00f3n y visitado bibliotecas flotantes. Personas con infancias y procedencias, credos e idiomas distintos nos hemos encontrado en un milagro de probabilidades y nos hemos hecho amigos. Hemos re\u00eddo y disfrutado mucho. Nos hemos olvidado, por momentos, de qui\u00e9nes creemos ser, del color de nuestra piel, de nuestra religi\u00f3n y de tantas cosas que aparentemente nos separan.<\/p>\n<p>Nos hemos unido a trav\u00e9s del idioma y de la curiosidad.<\/p>\n<p>Nos hemos aconsejado, intercambiado ropa, maletas y zapatos. Nos hemos puesto en la situaci\u00f3n del otro y hemos comprendido muchas cosas que antes estaban veladas, prejuiciadas por comentarios pol\u00edticos y opiniones que, a menudo, ni siquiera son nuestras y tomamos prestadas.<\/p>\n<p>Nos hemos abrazado. Y cuando volvemos a encontrarnos, la mirada es la de quien ve a un hermano. <strong>Nos reconocemos.<\/strong><\/p>\n<p>En el Proyecto he conocido la incomparable experiencia de estar al lado de alguien a quien estimas profundamente porque lo has conocido en su extrema vulnerabilidad y aparece el sincero deseo de que su situaci\u00f3n mejore. Hemos comprendido que, cuando su situaci\u00f3n mejora, tambi\u00e9n mejora la nuestra. Algo se recoloca, se pone en su sitio. Por un instante, el mundo parece m\u00e1s justo y la palabra <strong>hermano<\/strong> cobra significado.<\/p>\n<p>A veces me preguntan: \u00ab\u00bfDe d\u00f3nde es esta persona? \u00bfDe qu\u00e9 color es?\u00bb Me cuesta responder. Ya no s\u00e9 si es blanco o negro. Los colores y las procedencias dejan de ser lo importante. A veces me sorprendo porque ni siquiera he reparado en ello.<\/p>\n<h4>Nos vemos con los ojos del alma.<\/h4>\n<p>Hace unos d\u00edas estaba en la Fundaci\u00f3n hablando precisamente con un alumno que, adem\u00e1s, ahora es voluntario. Hay alumnos que, a fuerza de recibir amor, tambi\u00e9n desean ofrecerlo y ponerse a disposici\u00f3n de otras personas migrantes o refugiadas que, como ellos en otro momento, encontraron en nuestro espacio un lugar seguro, de respeto y reconocimiento.<\/p>\n<p>Cada vez son m\u00e1s las personas que desean ofrecer, porque saben que ofrecer tambi\u00e9n les hace sentir bien y que, con su disposici\u00f3n, contribuyen a que otros compa\u00f1eros sean un poco m\u00e1s felices.<\/p>\n<figure itemscope itemtype=\"https:\/\/schema.org\/ImageObject\">\n\t\t\t\t\t<img decoding=\"async\" src=\"https:\/\/asha-kiran.org\/wp-content\/uploads\/2026\/08\/de-donde-es-no-lo-se1.webp\" alt=\"de-donde-es-no-lo-se1\" height=\"1011\" width=\"960\" title=\"de-donde-es-no-lo-se1\" onerror=\"this.style.display='none'\" loading=\"lazy\" \/>\n\t<\/figure>\n\t<h4>Porque el que da es rico.<\/h4>\n<p>Estaba con este alumno-voluntario y le pregunt\u00e9 por otro compa\u00f1ero al que hac\u00eda meses que no ve\u00eda. Pens\u00e9 que estar\u00eda trabajando en alg\u00fan lugar de la costa. Lo recordaba con mucho cari\u00f1o: muy joven, risue\u00f1o y bastante poco concentrado en las clases. Cuando lo miraba pensaba en todo el porvenir que ten\u00eda por delante y, al mismo tiempo, en el arduo camino que aquellos ojos tan j\u00f3venes ya hab\u00edan transitado.<\/p>\n<p>Unos d\u00edas despu\u00e9s, para mi sorpresa, apareci\u00f3 de nuevo en clase.<\/p>\n<p>Lleg\u00f3 imponente, con su t\u00fanica. Se hab\u00eda hecho m\u00e1s grande durante aquellos meses. Cuando nos vimos nos abrazamos con una fuerza y una intensidad que me sorprendieron. Hab\u00eda verdadera alegr\u00eda en aquel reencuentro.<\/p>\n<p>Me ense\u00f1\u00f3 fotograf\u00edas de su familia, desplazada desde Somalia a Kenia: su madre, su esposa, su hijo, su hermana. Me cont\u00f3 que hab\u00eda ido a visitarlos. Ahora estaba de vuelta en M\u00e1laga y, esta vez, \u00abahora s\u00ed\u00bb, ten\u00eda verdadero inter\u00e9s en aprender espa\u00f1ol.<\/p>\n<p>Durante su ausencia hab\u00eda echado de menos nuestro pa\u00eds. Lo amaba. Estaba agradecido por lo que aqu\u00ed hab\u00eda recibido. Amaba nuestro idioma y quer\u00eda conocerlo mejor.<\/p>\n<p>Eso es lo que quienes somos <a href=\"https:\/\/asha-kiran.org\/en\/becoming-a-volunteer\/\">voluntarios en el Proyecto V\u00ednculos<\/a> tratamos de hacer cada vez que acudimos a dar una clase, organizamos una salida, acompa\u00f1amos como personas Referentes o sencillamente estamos disponibles: <strong>hacerles part\u00edcipes del mundo que habitamos. Que sientan que forman parte de \u00e9l. Que aqu\u00ed no se excluye a nadie.<\/strong><\/p>\n<p>Entre nuestros alumnos hay personas rusas, ucranianas, somal\u00edes, marroqu\u00edes, argelinas, guineanas, camerunesas, malienses, nigerianas&#8230; \u00daltimamente hemos acompa\u00f1ado tambi\u00e9n a personas alemanas, francesas y nepal\u00edes.<\/p>\n<p>La maravilla de la diversidad es descubrir que, en el fondo, todos necesitamos cosas muy parecidas: estabilidad, un lugar donde dormir, medios para trabajar y poder sostener nuestra propia vida. Y, sobre todo, necesitamos <strong>una comunidad a la que pertenecer<\/strong>, sentirnos orgullosos y satisfechos de nosotros mismos y tener la posibilidad de desarrollarnos.<\/p>\n<p>Y ah\u00ed es donde las personas voluntarias y las personas usuarias se encuentran y, a veces, incluso se confunden y difuminan.<\/p>\n<p>Lo que la mayor\u00eda de nuestros alumnos desea, \u00bfes realmente tan diferente de lo que deseamos quienes somos voluntarios?<\/p>\n<p>Yo dir\u00eda que no.<\/p>\n<p>Cuando alguno de nuestros alumnos alcanza cierto grado de estabilidad, comienza a estar en disposici\u00f3n de dar. Y entonces algunos deciden convertirse tambi\u00e9n en voluntarios: para ayudar a otros, mas tambi\u00e9n para ayudarse a s\u00ed mismos, encontrar equilibrio y sentirse en paz.<\/p>\n<p>Cuantos m\u00e1s espacios de acogida y encuentro seamos capaces de crear, espacios donde <strong>dar<\/strong> cobre un significado mayor, m\u00e1s seremos. Y quiz\u00e1 nuestros hijos puedan vivir alg\u00fan d\u00eda en un mundo con menos miedo a lo desconocido.<\/p>\n<p><a href=\"https:\/\/asha-kiran.org\/en\/becoming-a-volunteer\/\">Ser voluntaria de la Fundaci\u00f3n Asha-Kiran<\/a>, personalmente, <strong>me ha abierto el alma<\/strong>. Me ha ense\u00f1ado otra manera de mirar el mundo: una mirada m\u00e1s dulce, m\u00e1s comprensiva y amplia.<\/p>\n<p>Me emociona ver a tantos j\u00f3venes inclinados sobre sus textos, haciendo verdaderos esfuerzos por pronunciar los sonidos de nuestro idioma: <em>A, B, C, D, E&#8230;<\/em><\/p>\n<p>No solamente est\u00e1n aprendiendo una lengua. Est\u00e1n descubriendo una forma de ser, una cultura, una historia. Y a ellos tambi\u00e9n se les endulza la mirada.<\/p>\n<p>Aunque despu\u00e9s tengan que irse a dormir a la playa, a veces lo hacen repitiendo frases en espa\u00f1ol y so\u00f1ando realmente que tienen un futuro. Que existe una posibilidad. Que quiz\u00e1 el mundo no sea tan hostil como parec\u00eda cuando no ten\u00edan un lugar al que acudir.<\/p>\n<p>Ahora saben que hay un lugar donde siempre son bienvenidos. Donde son escuchados y respetados. Donde son reconocidos con todo su valor.<\/p>\n<p><strong>\u00bfDe d\u00f3nde es?<\/strong><\/p>\n<p><strong>No lo s\u00e9. Es un\/a hermano\/a.<\/strong><\/p>\n<p>&#8211; <strong>Dayana, delegada de Asha-Kiran en M\u00e1laga<\/strong><\/p>\n\t<p><strong>Contribuye a que V\u00ednculos siga siendo un lugar al que llegar<\/strong><\/p>\n<p>Detr\u00e1s de estos encuentros hay un peque\u00f1o espacio que mantener abierto, clases que sostener, acompa\u00f1amientos, actividades y, sobre todo, una comunidad de personas que ha decidido no permanecer indiferente.<\/p>\n<p>Puedes formar parte de ella <a href=\"https:\/\/asha-kiran.org\/en\/becoming-a-volunteer\/\"><strong>haci\u00e9ndote voluntario\/a del Proyecto V\u00ednculos<\/strong><\/a> y compartiendo parte de tu tiempo, o <a href=\"https:\/\/asha-kiran.org\/en\/cooperating\/become-a-sponsor\/\"><strong>haci\u00e9ndote socio\/a de Asha-Kiran<\/strong><\/a>, ayud\u00e1ndonos a dar continuidad a esta labor.<\/p>\n<p>Quiz\u00e1 no podamos posibilitar la transformaci\u00f3n de una vez todas las circunstancias que llevan a una persona a abandonar su hogar. Mas s\u00ed podemos decidir <strong>c\u00f3mo la recibimos cuando nuestros caminos se encuentran<\/strong>.<\/p>\n\t\t\t\t\t\t\t<img decoding=\"async\" src=\"https:\/\/asha-kiran.org\/wp-content\/uploads\/2025\/08\/Logo-Ciudad-Malaga.png\" alt=\"Logo-Ciudad-Malaga\" width=\"199\" height=\"81\" \/>\n\t\t\t\t\t\t<p>El Proyecto V\u00ednculos de la Fundaci\u00f3n Asha-Kiran cuenta con la financiaci\u00f3n del Ayuntamiento de M\u00e1laga, a trav\u00e9s del \u00c1rea de Participaci\u00f3n Ciudadana, Migraci\u00f3n, Acci\u00f3n Exterior, Cooperaci\u00f3n al Desarrollo, Transparencia y Buen Gobierno.<\/p>\t\t\t\t\t\n\n","protected":false},"excerpt":{"rendered":"<p>Twenty months of V\u00ednculos Project, seen through the eyes of Dayana, Fundaci\u00f3n Asha-Kiran\u2019s representative in M\u00e1laga.<\/p>\n","protected":false},"author":7,"featured_media":30728,"comment_status":"closed","ping_status":"closed","sticky":false,"template":"","format":"standard","meta":{"give_campaign_id":0,"footnotes":""},"categories":[100,103],"tags":[],"class_list":["post-30716","post","type-post","status-publish","format-standard","has-post-thumbnail","hentry","category-blog-en","category-news"],"yoast_head":"<!-- This site is optimized with the Yoast SEO Premium plugin v28.2 (Yoast SEO v28.2) - https:\/\/yoast.com\/product\/yoast-seo-premium-wordpress\/ -->\n<title>Where are they from? I don\u2019t know\u2014it&#039;s my brother, my sister. - Asha-Kiran<\/title>\n<meta name=\"robots\" content=\"index, follow, max-snippet:-1, max-image-preview:large, max-video-preview:-1\" \/>\n<link rel=\"canonical\" href=\"https:\/\/asha-kiran.org\/en\/where-are-they-from-i-dont-know-its-my-brother-my-sister\/\" \/>\n<meta property=\"og:locale\" content=\"en_US\" \/>\n<meta property=\"og:type\" content=\"article\" \/>\n<meta property=\"og:title\" content=\"Where are they from? I don\u2019t know\u2014it&#039;s my brother, my sister.\" \/>\n<meta property=\"og:description\" content=\"Twenty months of V\u00ednculos Project, seen through the eyes of Dayana, Fundaci\u00f3n Asha-Kiran\u2019s representative in M\u00e1laga.\" \/>\n<meta property=\"og:url\" content=\"https:\/\/asha-kiran.org\/en\/where-are-they-from-i-dont-know-its-my-brother-my-sister\/\" \/>\n<meta property=\"og:site_name\" content=\"Asha-Kiran\" \/>\n<meta property=\"article:publisher\" content=\"https:\/\/www.facebook.com\/Fundaci%c3%b3n-Asha-Kiran-120935311291303\/\" \/>\n<meta property=\"article:published_time\" content=\"2026-08-30T08:00:10+00:00\" \/>\n<meta property=\"article:modified_time\" content=\"2026-08-30T18:28:50+00:00\" \/>\n<meta property=\"og:image\" content=\"https:\/\/asha-kiran.org\/wp-content\/uploads\/2026\/08\/de-donde-son-no-lo-se-portada.webp\" \/>\n\t<meta property=\"og:image:width\" content=\"1080\" \/>\n\t<meta property=\"og:image:height\" content=\"570\" \/>\n\t<meta property=\"og:image:type\" content=\"image\/webp\" \/>\n<meta name=\"author\" content=\"Shami Prem\" \/>\n<meta name=\"twitter:card\" content=\"summary_large_image\" \/>\n<meta name=\"twitter:label1\" content=\"Written by\" \/>\n\t<meta name=\"twitter:data1\" content=\"Shami Prem\" \/>\n\t<meta name=\"twitter:label2\" content=\"Est. reading time\" \/>\n\t<meta name=\"twitter:data2\" content=\"7 minutes\" \/>\n<script type=\"application\/ld+json\" class=\"yoast-schema-graph\">{\"@context\":\"https:\\\/\\\/schema.org\",\"@graph\":[{\"@type\":\"Article\",\"@id\":\"https:\\\/\\\/asha-kiran.org\\\/en\\\/where-are-they-from-i-dont-know-its-my-brother-my-sister\\\/#article\",\"isPartOf\":{\"@id\":\"https:\\\/\\\/asha-kiran.org\\\/en\\\/where-are-they-from-i-dont-know-its-my-brother-my-sister\\\/\"},\"author\":{\"name\":\"Shami Prem\",\"@id\":\"https:\\\/\\\/asha-kiran.org\\\/en\\\/#\\\/schema\\\/person\\\/a25bc4e146bbab58138d33f07a259e83\"},\"headline\":\"Where are they from? I don\u2019t know\u2014it&#8217;s my brother, my sister.\",\"datePublished\":\"2026-08-30T08:00:10+00:00\",\"dateModified\":\"2026-08-30T18:28:50+00:00\",\"mainEntityOfPage\":{\"@id\":\"https:\\\/\\\/asha-kiran.org\\\/en\\\/where-are-they-from-i-dont-know-its-my-brother-my-sister\\\/\"},\"wordCount\":1487,\"publisher\":{\"@id\":\"https:\\\/\\\/asha-kiran.org\\\/en\\\/#organization\"},\"image\":{\"@id\":\"https:\\\/\\\/asha-kiran.org\\\/en\\\/where-are-they-from-i-dont-know-its-my-brother-my-sister\\\/#primaryimage\"},\"thumbnailUrl\":\"https:\\\/\\\/asha-kiran.org\\\/wp-content\\\/uploads\\\/2026\\\/08\\\/de-donde-son-no-lo-se-portada.webp\",\"articleSection\":[\"Blog\",\"News\"],\"inLanguage\":\"en-US\"},{\"@type\":\"WebPage\",\"@id\":\"https:\\\/\\\/asha-kiran.org\\\/en\\\/where-are-they-from-i-dont-know-its-my-brother-my-sister\\\/\",\"url\":\"https:\\\/\\\/asha-kiran.org\\\/en\\\/where-are-they-from-i-dont-know-its-my-brother-my-sister\\\/\",\"name\":\"Where are they from? I don\u2019t know\u2014it's my brother, my sister. - Asha-Kiran\",\"isPartOf\":{\"@id\":\"https:\\\/\\\/asha-kiran.org\\\/en\\\/#website\"},\"primaryImageOfPage\":{\"@id\":\"https:\\\/\\\/asha-kiran.org\\\/en\\\/where-are-they-from-i-dont-know-its-my-brother-my-sister\\\/#primaryimage\"},\"image\":{\"@id\":\"https:\\\/\\\/asha-kiran.org\\\/en\\\/where-are-they-from-i-dont-know-its-my-brother-my-sister\\\/#primaryimage\"},\"thumbnailUrl\":\"https:\\\/\\\/asha-kiran.org\\\/wp-content\\\/uploads\\\/2026\\\/08\\\/de-donde-son-no-lo-se-portada.webp\",\"datePublished\":\"2026-08-30T08:00:10+00:00\",\"dateModified\":\"2026-08-30T18:28:50+00:00\",\"breadcrumb\":{\"@id\":\"https:\\\/\\\/asha-kiran.org\\\/en\\\/where-are-they-from-i-dont-know-its-my-brother-my-sister\\\/#breadcrumb\"},\"inLanguage\":\"en-US\",\"potentialAction\":[{\"@type\":\"ReadAction\",\"target\":[\"https:\\\/\\\/asha-kiran.org\\\/en\\\/where-are-they-from-i-dont-know-its-my-brother-my-sister\\\/\"]}]},{\"@type\":\"ImageObject\",\"inLanguage\":\"en-US\",\"@id\":\"https:\\\/\\\/asha-kiran.org\\\/en\\\/where-are-they-from-i-dont-know-its-my-brother-my-sister\\\/#primaryimage\",\"url\":\"https:\\\/\\\/asha-kiran.org\\\/wp-content\\\/uploads\\\/2026\\\/08\\\/de-donde-son-no-lo-se-portada.webp\",\"contentUrl\":\"https:\\\/\\\/asha-kiran.org\\\/wp-content\\\/uploads\\\/2026\\\/08\\\/de-donde-son-no-lo-se-portada.webp\",\"width\":1080,\"height\":570},{\"@type\":\"BreadcrumbList\",\"@id\":\"https:\\\/\\\/asha-kiran.org\\\/en\\\/where-are-they-from-i-dont-know-its-my-brother-my-sister\\\/#breadcrumb\",\"itemListElement\":[{\"@type\":\"ListItem\",\"position\":1,\"name\":\"Portada\",\"item\":\"https:\\\/\\\/asha-kiran.org\\\/en\\\/\"},{\"@type\":\"ListItem\",\"position\":2,\"name\":\"Where are they from? I don\u2019t know\u2014it&#8217;s my brother, my sister.\"}]},{\"@type\":\"WebSite\",\"@id\":\"https:\\\/\\\/asha-kiran.org\\\/en\\\/#website\",\"url\":\"https:\\\/\\\/asha-kiran.org\\\/en\\\/\",\"name\":\"Fundaci\u00f3n Asha-Kiran\",\"description\":\"Espacio de Acogida\",\"publisher\":{\"@id\":\"https:\\\/\\\/asha-kiran.org\\\/en\\\/#organization\"},\"alternateName\":\"Asha-Kiran\",\"potentialAction\":[{\"@type\":\"SearchAction\",\"target\":{\"@type\":\"EntryPoint\",\"urlTemplate\":\"https:\\\/\\\/asha-kiran.org\\\/en\\\/?s={search_term_string}\"},\"query-input\":{\"@type\":\"PropertyValueSpecification\",\"valueRequired\":true,\"valueName\":\"search_term_string\"}}],\"inLanguage\":\"en-US\"},{\"@type\":\"Organization\",\"@id\":\"https:\\\/\\\/asha-kiran.org\\\/en\\\/#organization\",\"name\":\"Fundaci\u00f3n Asha-Kiran\",\"alternateName\":\"Asha-Kiran\",\"url\":\"https:\\\/\\\/asha-kiran.org\\\/en\\\/\",\"logo\":{\"@type\":\"ImageObject\",\"inLanguage\":\"en-US\",\"@id\":\"https:\\\/\\\/asha-kiran.org\\\/en\\\/#\\\/schema\\\/logo\\\/image\\\/\",\"url\":\"https:\\\/\\\/asha-kiran.org\\\/wp-content\\\/uploads\\\/2025\\\/02\\\/blog-asha-kiran-logo-nuevo.jpg\",\"contentUrl\":\"https:\\\/\\\/asha-kiran.org\\\/wp-content\\\/uploads\\\/2025\\\/02\\\/blog-asha-kiran-logo-nuevo.jpg\",\"width\":1024,\"height\":569,\"caption\":\"Fundaci\u00f3n Asha-Kiran\"},\"image\":{\"@id\":\"https:\\\/\\\/asha-kiran.org\\\/en\\\/#\\\/schema\\\/logo\\\/image\\\/\"},\"sameAs\":[\"https:\\\/\\\/www.facebook.com\\\/Fundaci\u00f3n-Asha-Kiran-120935311291303\\\/\",\"https:\\\/\\\/www.instagram.com\\\/fundacionashakiran\"]},{\"@type\":\"Person\",\"@id\":\"https:\\\/\\\/asha-kiran.org\\\/en\\\/#\\\/schema\\\/person\\\/a25bc4e146bbab58138d33f07a259e83\",\"name\":\"Shami Prem\",\"image\":{\"@type\":\"ImageObject\",\"inLanguage\":\"en-US\",\"@id\":\"https:\\\/\\\/secure.gravatar.com\\\/avatar\\\/5996345e55fa04e350fe08564a188490149908b974c13980cdecd1b73a10fdd9?s=96&d=mm&r=g\",\"url\":\"https:\\\/\\\/secure.gravatar.com\\\/avatar\\\/5996345e55fa04e350fe08564a188490149908b974c13980cdecd1b73a10fdd9?s=96&d=mm&r=g\",\"contentUrl\":\"https:\\\/\\\/secure.gravatar.com\\\/avatar\\\/5996345e55fa04e350fe08564a188490149908b974c13980cdecd1b73a10fdd9?s=96&d=mm&r=g\",\"caption\":\"Shami Prem\"}}]}<\/script>\n<!-- \/ Yoast SEO Premium plugin. -->","yoast_head_json":{"title":"Where are they from? I don\u2019t know\u2014it's my brother, my sister. - Asha-Kiran","robots":{"index":"index","follow":"follow","max-snippet":"max-snippet:-1","max-image-preview":"max-image-preview:large","max-video-preview":"max-video-preview:-1"},"canonical":"https:\/\/asha-kiran.org\/en\/where-are-they-from-i-dont-know-its-my-brother-my-sister\/","og_locale":"en_US","og_type":"article","og_title":"Where are they from? I don\u2019t know\u2014it's my brother, my sister.","og_description":"Twenty months of V\u00ednculos Project, seen through the eyes of Dayana, Fundaci\u00f3n Asha-Kiran\u2019s representative in M\u00e1laga.","og_url":"https:\/\/asha-kiran.org\/en\/where-are-they-from-i-dont-know-its-my-brother-my-sister\/","og_site_name":"Asha-Kiran","article_publisher":"https:\/\/www.facebook.com\/Fundaci%c3%b3n-Asha-Kiran-120935311291303\/","article_published_time":"2026-08-30T08:00:10+00:00","article_modified_time":"2026-08-30T18:28:50+00:00","og_image":[{"width":1080,"height":570,"url":"https:\/\/asha-kiran.org\/wp-content\/uploads\/2026\/08\/de-donde-son-no-lo-se-portada.webp","type":"image\/webp"}],"author":"Shami Prem","twitter_card":"summary_large_image","twitter_misc":{"Written by":"Shami Prem","Est. reading time":"7 minutes"},"schema":{"@context":"https:\/\/schema.org","@graph":[{"@type":"Article","@id":"https:\/\/asha-kiran.org\/en\/where-are-they-from-i-dont-know-its-my-brother-my-sister\/#article","isPartOf":{"@id":"https:\/\/asha-kiran.org\/en\/where-are-they-from-i-dont-know-its-my-brother-my-sister\/"},"author":{"name":"Shami Prem","@id":"https:\/\/asha-kiran.org\/en\/#\/schema\/person\/a25bc4e146bbab58138d33f07a259e83"},"headline":"Where are they from? I don\u2019t know\u2014it&#8217;s my brother, my sister.","datePublished":"2026-08-30T08:00:10+00:00","dateModified":"2026-08-30T18:28:50+00:00","mainEntityOfPage":{"@id":"https:\/\/asha-kiran.org\/en\/where-are-they-from-i-dont-know-its-my-brother-my-sister\/"},"wordCount":1487,"publisher":{"@id":"https:\/\/asha-kiran.org\/en\/#organization"},"image":{"@id":"https:\/\/asha-kiran.org\/en\/where-are-they-from-i-dont-know-its-my-brother-my-sister\/#primaryimage"},"thumbnailUrl":"https:\/\/asha-kiran.org\/wp-content\/uploads\/2026\/08\/de-donde-son-no-lo-se-portada.webp","articleSection":["Blog","News"],"inLanguage":"en-US"},{"@type":"WebPage","@id":"https:\/\/asha-kiran.org\/en\/where-are-they-from-i-dont-know-its-my-brother-my-sister\/","url":"https:\/\/asha-kiran.org\/en\/where-are-they-from-i-dont-know-its-my-brother-my-sister\/","name":"Where are they from? I don\u2019t know\u2014it's my brother, my sister. - Asha-Kiran","isPartOf":{"@id":"https:\/\/asha-kiran.org\/en\/#website"},"primaryImageOfPage":{"@id":"https:\/\/asha-kiran.org\/en\/where-are-they-from-i-dont-know-its-my-brother-my-sister\/#primaryimage"},"image":{"@id":"https:\/\/asha-kiran.org\/en\/where-are-they-from-i-dont-know-its-my-brother-my-sister\/#primaryimage"},"thumbnailUrl":"https:\/\/asha-kiran.org\/wp-content\/uploads\/2026\/08\/de-donde-son-no-lo-se-portada.webp","datePublished":"2026-08-30T08:00:10+00:00","dateModified":"2026-08-30T18:28:50+00:00","breadcrumb":{"@id":"https:\/\/asha-kiran.org\/en\/where-are-they-from-i-dont-know-its-my-brother-my-sister\/#breadcrumb"},"inLanguage":"en-US","potentialAction":[{"@type":"ReadAction","target":["https:\/\/asha-kiran.org\/en\/where-are-they-from-i-dont-know-its-my-brother-my-sister\/"]}]},{"@type":"ImageObject","inLanguage":"en-US","@id":"https:\/\/asha-kiran.org\/en\/where-are-they-from-i-dont-know-its-my-brother-my-sister\/#primaryimage","url":"https:\/\/asha-kiran.org\/wp-content\/uploads\/2026\/08\/de-donde-son-no-lo-se-portada.webp","contentUrl":"https:\/\/asha-kiran.org\/wp-content\/uploads\/2026\/08\/de-donde-son-no-lo-se-portada.webp","width":1080,"height":570},{"@type":"BreadcrumbList","@id":"https:\/\/asha-kiran.org\/en\/where-are-they-from-i-dont-know-its-my-brother-my-sister\/#breadcrumb","itemListElement":[{"@type":"ListItem","position":1,"name":"Portada","item":"https:\/\/asha-kiran.org\/en\/"},{"@type":"ListItem","position":2,"name":"Where are they from? I don\u2019t know\u2014it&#8217;s my brother, my sister."}]},{"@type":"WebSite","@id":"https:\/\/asha-kiran.org\/en\/#website","url":"https:\/\/asha-kiran.org\/en\/","name":"Fundaci\u00f3n Asha-Kiran","description":"Espacio de Acogida","publisher":{"@id":"https:\/\/asha-kiran.org\/en\/#organization"},"alternateName":"Asha-Kiran","potentialAction":[{"@type":"SearchAction","target":{"@type":"EntryPoint","urlTemplate":"https:\/\/asha-kiran.org\/en\/?s={search_term_string}"},"query-input":{"@type":"PropertyValueSpecification","valueRequired":true,"valueName":"search_term_string"}}],"inLanguage":"en-US"},{"@type":"Organization","@id":"https:\/\/asha-kiran.org\/en\/#organization","name":"Fundaci\u00f3n Asha-Kiran","alternateName":"Asha-Kiran","url":"https:\/\/asha-kiran.org\/en\/","logo":{"@type":"ImageObject","inLanguage":"en-US","@id":"https:\/\/asha-kiran.org\/en\/#\/schema\/logo\/image\/","url":"https:\/\/asha-kiran.org\/wp-content\/uploads\/2025\/02\/blog-asha-kiran-logo-nuevo.jpg","contentUrl":"https:\/\/asha-kiran.org\/wp-content\/uploads\/2025\/02\/blog-asha-kiran-logo-nuevo.jpg","width":1024,"height":569,"caption":"Fundaci\u00f3n Asha-Kiran"},"image":{"@id":"https:\/\/asha-kiran.org\/en\/#\/schema\/logo\/image\/"},"sameAs":["https:\/\/www.facebook.com\/Fundaci\u00f3n-Asha-Kiran-120935311291303\/","https:\/\/www.instagram.com\/fundacionashakiran"]},{"@type":"Person","@id":"https:\/\/asha-kiran.org\/en\/#\/schema\/person\/a25bc4e146bbab58138d33f07a259e83","name":"Shami Prem","image":{"@type":"ImageObject","inLanguage":"en-US","@id":"https:\/\/secure.gravatar.com\/avatar\/5996345e55fa04e350fe08564a188490149908b974c13980cdecd1b73a10fdd9?s=96&d=mm&r=g","url":"https:\/\/secure.gravatar.com\/avatar\/5996345e55fa04e350fe08564a188490149908b974c13980cdecd1b73a10fdd9?s=96&d=mm&r=g","contentUrl":"https:\/\/secure.gravatar.com\/avatar\/5996345e55fa04e350fe08564a188490149908b974c13980cdecd1b73a10fdd9?s=96&d=mm&r=g","caption":"Shami Prem"}}]}},"_links":{"self":[{"href":"https:\/\/asha-kiran.org\/en\/wp-json\/wp\/v2\/posts\/30716","targetHints":{"allow":["GET"]}}],"collection":[{"href":"https:\/\/asha-kiran.org\/en\/wp-json\/wp\/v2\/posts"}],"about":[{"href":"https:\/\/asha-kiran.org\/en\/wp-json\/wp\/v2\/types\/post"}],"author":[{"embeddable":true,"href":"https:\/\/asha-kiran.org\/en\/wp-json\/wp\/v2\/users\/7"}],"replies":[{"embeddable":true,"href":"https:\/\/asha-kiran.org\/en\/wp-json\/wp\/v2\/comments?post=30716"}],"version-history":[{"count":1,"href":"https:\/\/asha-kiran.org\/en\/wp-json\/wp\/v2\/posts\/30716\/revisions"}],"predecessor-version":[{"id":30729,"href":"https:\/\/asha-kiran.org\/en\/wp-json\/wp\/v2\/posts\/30716\/revisions\/30729"}],"wp:featuredmedia":[{"embeddable":true,"href":"https:\/\/asha-kiran.org\/en\/wp-json\/wp\/v2\/media\/30728"}],"wp:attachment":[{"href":"https:\/\/asha-kiran.org\/en\/wp-json\/wp\/v2\/media?parent=30716"}],"wp:term":[{"taxonomy":"category","embeddable":true,"href":"https:\/\/asha-kiran.org\/en\/wp-json\/wp\/v2\/categories?post=30716"},{"taxonomy":"post_tag","embeddable":true,"href":"https:\/\/asha-kiran.org\/en\/wp-json\/wp\/v2\/tags?post=30716"}],"curies":[{"name":"wp","href":"https:\/\/api.w.org\/{rel}","templated":true}]}}